{"id":1517,"date":"2022-09-08T12:00:52","date_gmt":"2022-09-08T10:00:52","guid":{"rendered":"https:\/\/albertwolf.com\/?p=1517"},"modified":"2022-09-08T13:36:46","modified_gmt":"2022-09-08T11:36:46","slug":"juergen-teller-inspiration","status":"publish","type":"post","link":"https:\/\/albertwolf.com\/sv\/juergen-teller-inspiration\/","title":{"rendered":"Juergen Teller - Inspiration"},"content":{"rendered":"<p><strong><img decoding=\"async\" width=\"600\" height=\"411\" class=\"wp-image-1519\" src=\"https:\/\/storage.googleapis.com\/awolfmedia\/2022\/09\/cb3ccb6d-juergen-teller-lily_cole-01.jpeg\" alt=\"Juergen-Teller-Lily_Cole-01\" srcset=\"https:\/\/albertwolf.com\/wp-content\/uploads\/2022\/09\/cb3ccb6d-juergen-teller-lily_cole-01.jpeg 600w, https:\/\/albertwolf.com\/wp-content\/uploads\/2022\/09\/cb3ccb6d-juergen-teller-lily_cole-01-300x206.jpeg 300w, https:\/\/albertwolf.com\/wp-content\/uploads\/2022\/09\/cb3ccb6d-juergen-teller-lily_cole-01-18x12.jpeg 18w, https:\/\/albertwolf.com\/wp-content\/uploads\/2022\/09\/cb3ccb6d-juergen-teller-lily_cole-01-500x343.jpeg 500w\" sizes=\"(max-width: 600px) 100vw, 600px\" \/><\/strong><\/p>\n<p>M\u00e5nga k\u00e4nner igen J\u00fcrgen Tellers arbete. Omslaget till Sinnead O'Connors singel <em>Ingenting j\u00e4mf\u00f6r dig med dig<\/em> , men ocks\u00e5 portr\u00e4tt av Kurt Cobain och Courtney Love, Bj\u00f6rk, Cocteau Twins, PJ Harvey, Vivienne Westwood och Kate Moss n\u00e4r hon bara var femton \u00e5r. Detta utan att gl\u00f6mma Marc Jacobs reklamkampanjer.<\/p>\n<p>Juergen Teller (Erlangen, Tyskland, 1964) b\u00f6rjade efter avslutad skolg\u00e5ng arbeta som l\u00e4rling i en verkstad som tillverkade b\u00e5gar till musikinstrument, men en allergi tvingade honom att byta kurs och 1984 b\u00f6rjade han studera fotografi i M\u00fcnchen, en utbildning som han avslutade 1986. Sedan dess bor och arbetar han i London.<\/p>\n<p>Teller har spelat en central roll i den visuella omdefinieringen av modefotografin, och har g\u00e5tt fr\u00e5n en lysande men konstruerad och substansl\u00f6s bild till ett mer realistiskt och intimt perspektiv p\u00e5 modev\u00e4rlden. Den centrala essensen som utg\u00f6r ryggraden i alla Tellers verk \u00e4r portr\u00e4ttet, eftersom han framf\u00f6r allt \u00e4r en fotograf av m\u00e4nniskor. Han har en talang f\u00f6r att f\u00e5 sina objekt - vare sig de \u00e4r familjemedlemmar, v\u00e4nner, modeller, konstn\u00e4rer, designers, musiker eller andra fotografer - att slappna av och upptr\u00e4da inf\u00f6r kameran, en process som han ibland sj\u00e4lv deltar i.<\/p>\n<p>Fotografen kom in p\u00e5 Londons fotografiska scen genom musikindustrin, som faktiskt var en viktig del av hans karri\u00e4r. Han debuterade som fotograf f\u00f6r modetidningar p\u00e5 1980-talet och fotograferade och fick d\u00e5 en v\u00e4rdig acceptans med bilder som var motsatsen till konventionell modefotografering.<\/p>\n<p>Den som befinner sig i London kan njuta av tyskens arbete p\u00e5 plats och bes\u00f6ka Institute of Contemporary Art (ICA) i London, d\u00e4r man kan se en omfattande genomg\u00e5ng av utvecklingen av hans kommersiella fotografi sedan 1990-talet. Till och med den 17 mars.<\/p>\n<p><img decoding=\"async\" width=\"600\" height=\"250\" class=\"wp-image-1520\" src=\"https:\/\/storage.googleapis.com\/awolfmedia\/2022\/09\/d2e371dd-juergen-teller-marc-jacobs-02.jpeg\" alt=\"Juergen-Teller-Marc-Jacobs-02\" srcset=\"https:\/\/albertwolf.com\/wp-content\/uploads\/2022\/09\/d2e371dd-juergen-teller-marc-jacobs-02.jpeg 600w, https:\/\/albertwolf.com\/wp-content\/uploads\/2022\/09\/d2e371dd-juergen-teller-marc-jacobs-02-300x125.jpeg 300w, https:\/\/albertwolf.com\/wp-content\/uploads\/2022\/09\/d2e371dd-juergen-teller-marc-jacobs-02-18x8.jpeg 18w, https:\/\/albertwolf.com\/wp-content\/uploads\/2022\/09\/d2e371dd-juergen-teller-marc-jacobs-02-500x208.jpeg 500w\" sizes=\"(max-width: 600px) 100vw, 600px\" \/><\/p>\n<p><img decoding=\"async\" width=\"600\" height=\"407\" class=\"wp-image-1521\" src=\"https:\/\/storage.googleapis.com\/awolfmedia\/2022\/09\/2cb35877-juergen-teller-bjork.jpeg\" alt=\"Juergen-Teller-Bjork\" srcset=\"https:\/\/albertwolf.com\/wp-content\/uploads\/2022\/09\/2cb35877-juergen-teller-bjork.jpeg 600w, https:\/\/albertwolf.com\/wp-content\/uploads\/2022\/09\/2cb35877-juergen-teller-bjork-300x204.jpeg 300w, https:\/\/albertwolf.com\/wp-content\/uploads\/2022\/09\/2cb35877-juergen-teller-bjork-18x12.jpeg 18w, https:\/\/albertwolf.com\/wp-content\/uploads\/2022\/09\/2cb35877-juergen-teller-bjork-500x339.jpeg 500w\" sizes=\"(max-width: 600px) 100vw, 600px\" \/><\/p>\n<p><img decoding=\"async\" width=\"600\" height=\"400\" class=\"wp-image-1522\" src=\"https:\/\/storage.googleapis.com\/awolfmedia\/2022\/09\/6ff134c0-juergen-teller-vivian-03.jpeg\" alt=\"Juergen-Teller-Vivian-03\" srcset=\"https:\/\/albertwolf.com\/wp-content\/uploads\/2022\/09\/6ff134c0-juergen-teller-vivian-03.jpeg 600w, https:\/\/albertwolf.com\/wp-content\/uploads\/2022\/09\/6ff134c0-juergen-teller-vivian-03-300x200.jpeg 300w, https:\/\/albertwolf.com\/wp-content\/uploads\/2022\/09\/6ff134c0-juergen-teller-vivian-03-18x12.jpeg 18w, https:\/\/albertwolf.com\/wp-content\/uploads\/2022\/09\/6ff134c0-juergen-teller-vivian-03-500x333.jpeg 500w\" sizes=\"(max-width: 600px) 100vw, 600px\" \/><\/p>\n<p><img decoding=\"async\" width=\"600\" height=\"398\" class=\"wp-image-1523\" src=\"https:\/\/storage.googleapis.com\/awolfmedia\/2022\/09\/1f7a3bda-juergen-teller-kate-moss-04.jpeg\" alt=\"Juergen-Teller-Kate-Moss-04\" srcset=\"https:\/\/albertwolf.com\/wp-content\/uploads\/2022\/09\/1f7a3bda-juergen-teller-kate-moss-04.jpeg 600w, https:\/\/albertwolf.com\/wp-content\/uploads\/2022\/09\/1f7a3bda-juergen-teller-kate-moss-04-300x199.jpeg 300w, https:\/\/albertwolf.com\/wp-content\/uploads\/2022\/09\/1f7a3bda-juergen-teller-kate-moss-04-18x12.jpeg 18w, https:\/\/albertwolf.com\/wp-content\/uploads\/2022\/09\/1f7a3bda-juergen-teller-kate-moss-04-500x332.jpeg 500w\" sizes=\"(max-width: 600px) 100vw, 600px\" \/><\/p>","protected":false},"excerpt":{"rendered":"<p>M\u00e5nga k\u00e4nner igen J\u00fcrgen Tellers arbete. Omslaget till Sinnead O'Connors singel Nothing Compares 2 You , men ocks\u00e5 portr\u00e4tt av Kurt Cobain och Courtney Love, Bj\u00f6rk, Cocteau Twins, PJ Harvey, Vivienne Westwood och Kate Moss n\u00e4r hon bara var femton \u00e5r. Detta utan att gl\u00f6mma Marc Jacobs reklamkampanjer. Juergen Teller (Erlangen, [...]<\/p>","protected":false},"author":88889,"featured_media":0,"comment_status":"closed","ping_status":"closed","sticky":false,"template":"","format":"standard","meta":{"disable_featured_image":false,"_vp_format_video_url":"","_vp_image_focal_point":[],"footnotes":""},"categories":[61],"tags":[],"class_list":["post-1517","post","type-post","status-publish","format-standard","hentry","category-articles"],"yoast_head":"<!-- This site is optimized with the Yoast SEO Premium plugin v19.2 (Yoast SEO v28.4) - https:\/\/yoast.com\/product\/yoast-seo-premium-wordpress\/ -->\n<title>Juergen Teller - Inspiration<\/title>\n<meta name=\"description\" content=\"J\u00fcrgen Teller is an artist and photographer. Born in 1952 in Wesel, Germany, he studied at the Hochschule der Kunste in Berlin from 1978 to 1981.\" \/>\n<meta name=\"robots\" content=\"index, follow, max-snippet:-1, max-image-preview:large, max-video-preview:-1\" \/>\n<link rel=\"canonical\" href=\"https:\/\/albertwolf.com\/sv\/juergen-teller-inspiration\/\" \/>\n<meta property=\"og:locale\" content=\"sv_SE\" \/>\n<meta property=\"og:type\" content=\"article\" \/>\n<meta property=\"og:title\" content=\"Juergen Teller - Inspiration\" \/>\n<meta property=\"og:description\" content=\"J\u00fcrgen Teller is an artist and photographer. Born in 1952 in Wesel, Germany, he studied at the Hochschule der Kunste in Berlin from 1978 to 1981.\" \/>\n<meta property=\"og:url\" content=\"https:\/\/albertwolf.com\/sv\/juergen-teller-inspiration\/\" \/>\n<meta property=\"og:site_name\" content=\"Albert Wolf\" \/>\n<meta property=\"article:publisher\" content=\"https:\/\/www.facebook.com\/wolf.fanpage\/\" \/>\n<meta property=\"article:published_time\" content=\"2022-09-08T10:00:52+00:00\" \/>\n<meta property=\"article:modified_time\" content=\"2022-09-08T11:36:46+00:00\" \/>\n<meta property=\"og:image\" content=\"https:\/\/storage.googleapis.com\/awolfmedia\/2022\/09\/cb3ccb6d-juergen-teller-lily_cole-01.jpeg\" \/>\n<meta name=\"author\" content=\"Albert Wolf\" \/>\n<meta name=\"twitter:card\" content=\"summary_large_image\" \/>\n<meta name=\"twitter:creator\" content=\"@wolfshots\" \/>\n<meta name=\"twitter:site\" content=\"@wolfshots\" \/>\n<meta name=\"twitter:label1\" content=\"Skriven av\" \/>\n\t<meta name=\"twitter:data1\" content=\"Albert Wolf\" \/>\n\t<meta name=\"twitter:label2\" content=\"Ber\u00e4knad l\u00e4stid\" \/>\n\t<meta name=\"twitter:data2\" content=\"3 minuter\" \/>\n<script type=\"application\/ld+json\" class=\"yoast-schema-graph\">{\"@context\":\"https:\\\/\\\/schema.org\",\"@graph\":[{\"@type\":\"Article\",\"@id\":\"https:\\\/\\\/albertwolf.com\\\/juergen-teller-inspiration\\\/#article\",\"isPartOf\":{\"@id\":\"https:\\\/\\\/albertwolf.com\\\/juergen-teller-inspiration\\\/\"},\"author\":{\"name\":\"Albert Wolf\",\"@id\":\"https:\\\/\\\/albertwolf.com\\\/#\\\/schema\\\/person\\\/df165cf514f791695486a2c93a9349c8\"},\"headline\":\"Juergen Teller &#8211; Inspiration\",\"datePublished\":\"2022-09-08T10:00:52+00:00\",\"dateModified\":\"2022-09-08T11:36:46+00:00\",\"mainEntityOfPage\":{\"@id\":\"https:\\\/\\\/albertwolf.com\\\/juergen-teller-inspiration\\\/\"},\"wordCount\":294,\"publisher\":{\"@id\":\"https:\\\/\\\/albertwolf.com\\\/#organization\"},\"image\":{\"@id\":\"https:\\\/\\\/albertwolf.com\\\/juergen-teller-inspiration\\\/#primaryimage\"},\"thumbnailUrl\":\"https:\\\/\\\/storage.googleapis.com\\\/awolfmedia\\\/2022\\\/09\\\/cb3ccb6d-juergen-teller-lily_cole-01.jpeg\",\"articleSection\":[\"articles\"],\"inLanguage\":\"sv-SE\"},{\"@type\":\"WebPage\",\"@id\":\"https:\\\/\\\/albertwolf.com\\\/juergen-teller-inspiration\\\/\",\"url\":\"https:\\\/\\\/albertwolf.com\\\/juergen-teller-inspiration\\\/\",\"name\":\"Juergen Teller - Inspiration\",\"isPartOf\":{\"@id\":\"https:\\\/\\\/albertwolf.com\\\/#website\"},\"primaryImageOfPage\":{\"@id\":\"https:\\\/\\\/albertwolf.com\\\/juergen-teller-inspiration\\\/#primaryimage\"},\"image\":{\"@id\":\"https:\\\/\\\/albertwolf.com\\\/juergen-teller-inspiration\\\/#primaryimage\"},\"thumbnailUrl\":\"https:\\\/\\\/storage.googleapis.com\\\/awolfmedia\\\/2022\\\/09\\\/cb3ccb6d-juergen-teller-lily_cole-01.jpeg\",\"datePublished\":\"2022-09-08T10:00:52+00:00\",\"dateModified\":\"2022-09-08T11:36:46+00:00\",\"description\":\"J\u00fcrgen Teller is an artist and photographer. Born in 1952 in Wesel, Germany, he studied at the Hochschule der Kunste in Berlin from 1978 to 1981.\",\"breadcrumb\":{\"@id\":\"https:\\\/\\\/albertwolf.com\\\/juergen-teller-inspiration\\\/#breadcrumb\"},\"inLanguage\":\"sv-SE\",\"potentialAction\":[{\"@type\":\"ReadAction\",\"target\":[\"https:\\\/\\\/albertwolf.com\\\/juergen-teller-inspiration\\\/\"]}]},{\"@type\":\"ImageObject\",\"inLanguage\":\"sv-SE\",\"@id\":\"https:\\\/\\\/albertwolf.com\\\/juergen-teller-inspiration\\\/#primaryimage\",\"url\":\"https:\\\/\\\/storage.googleapis.com\\\/awolfmedia\\\/2022\\\/09\\\/cb3ccb6d-juergen-teller-lily_cole-01.jpeg\",\"contentUrl\":\"https:\\\/\\\/storage.googleapis.com\\\/awolfmedia\\\/2022\\\/09\\\/cb3ccb6d-juergen-teller-lily_cole-01.jpeg\"},{\"@type\":\"BreadcrumbList\",\"@id\":\"https:\\\/\\\/albertwolf.com\\\/juergen-teller-inspiration\\\/#breadcrumb\",\"itemListElement\":[{\"@type\":\"ListItem\",\"position\":1,\"name\":\"Home\",\"item\":\"https:\\\/\\\/albertwolf.com\\\/\"},{\"@type\":\"ListItem\",\"position\":2,\"name\":\"Juergen Teller &#8211; Inspiration\"}]},{\"@type\":\"WebSite\",\"@id\":\"https:\\\/\\\/albertwolf.com\\\/#website\",\"url\":\"https:\\\/\\\/albertwolf.com\\\/\",\"name\":\"Albert Wolf\",\"description\":\" Creative Advertising &amp; Fashion Photographer Madrid, Helsinki , Barcelona, Bangkok, Taipei, Jakarta, Seoul, Singapore, Hong Kong, Shanghai, Kuala Lumpur\",\"publisher\":{\"@id\":\"https:\\\/\\\/albertwolf.com\\\/#organization\"},\"potentialAction\":[{\"@type\":\"SearchAction\",\"target\":{\"@type\":\"EntryPoint\",\"urlTemplate\":\"https:\\\/\\\/albertwolf.com\\\/?s={search_term_string}\"},\"query-input\":{\"@type\":\"PropertyValueSpecification\",\"valueRequired\":true,\"valueName\":\"search_term_string\"}}],\"inLanguage\":\"sv-SE\"},{\"@type\":\"Organization\",\"@id\":\"https:\\\/\\\/albertwolf.com\\\/#organization\",\"name\":\"Albert Wolf\",\"url\":\"https:\\\/\\\/albertwolf.com\\\/\",\"logo\":{\"@type\":\"ImageObject\",\"inLanguage\":\"sv-SE\",\"@id\":\"https:\\\/\\\/albertwolf.com\\\/#\\\/schema\\\/logo\\\/image\\\/\",\"url\":\"https:\\\/\\\/storage.googleapis.com\\\/awolfmedia\\\/2014\\\/04\\\/LOGO_.jpg\",\"contentUrl\":\"https:\\\/\\\/storage.googleapis.com\\\/awolfmedia\\\/2014\\\/04\\\/LOGO_.jpg\",\"width\":626,\"height\":577,\"caption\":\"Albert Wolf\"},\"image\":{\"@id\":\"https:\\\/\\\/albertwolf.com\\\/#\\\/schema\\\/logo\\\/image\\\/\"},\"sameAs\":[\"https:\\\/\\\/www.facebook.com\\\/wolf.fanpage\\\/\",\"https:\\\/\\\/x.com\\\/wolfshots\",\"https:\\\/\\\/www.instagram.com\\\/wolf_photo\\\/\",\"https:\\\/\\\/www.linkedin.com\\\/in\\\/albert-wolf\\\/\",\"https:\\\/\\\/www.youtube.com\\\/channel\\\/UCB-8KyeLYeUna-ShqHNIqUQ\"]},{\"@type\":\"Person\",\"@id\":\"https:\\\/\\\/albertwolf.com\\\/#\\\/schema\\\/person\\\/df165cf514f791695486a2c93a9349c8\",\"name\":\"Albert Wolf\",\"image\":{\"@type\":\"ImageObject\",\"inLanguage\":\"sv-SE\",\"@id\":\"https:\\\/\\\/secure.gravatar.com\\\/avatar\\\/75753614871146aaa6ca4285e9d08e739581ec665d717492a6e721702b6b32f6?s=96&d=mm&r=g\",\"url\":\"https:\\\/\\\/secure.gravatar.com\\\/avatar\\\/75753614871146aaa6ca4285e9d08e739581ec665d717492a6e721702b6b32f6?s=96&d=mm&r=g\",\"contentUrl\":\"https:\\\/\\\/secure.gravatar.com\\\/avatar\\\/75753614871146aaa6ca4285e9d08e739581ec665d717492a6e721702b6b32f6?s=96&d=mm&r=g\",\"caption\":\"Albert Wolf\"}}]}<\/script>\n<!-- \/ Yoast SEO Premium plugin. -->","yoast_head_json":{"title":"Juergen Teller - Inspiration","description":"J\u00fcrgen Teller is an artist and photographer. Born in 1952 in Wesel, Germany, he studied at the Hochschule der Kunste in Berlin from 1978 to 1981.","robots":{"index":"index","follow":"follow","max-snippet":"max-snippet:-1","max-image-preview":"max-image-preview:large","max-video-preview":"max-video-preview:-1"},"canonical":"https:\/\/albertwolf.com\/sv\/juergen-teller-inspiration\/","og_locale":"sv_SE","og_type":"article","og_title":"Juergen Teller - Inspiration","og_description":"J\u00fcrgen Teller is an artist and photographer. Born in 1952 in Wesel, Germany, he studied at the Hochschule der Kunste in Berlin from 1978 to 1981.","og_url":"https:\/\/albertwolf.com\/sv\/juergen-teller-inspiration\/","og_site_name":"Albert Wolf","article_publisher":"https:\/\/www.facebook.com\/wolf.fanpage\/","article_published_time":"2022-09-08T10:00:52+00:00","article_modified_time":"2022-09-08T11:36:46+00:00","og_image":[{"url":"https:\/\/storage.googleapis.com\/awolfmedia\/2022\/09\/cb3ccb6d-juergen-teller-lily_cole-01.jpeg","type":"","width":"","height":""}],"author":"Albert Wolf","twitter_card":"summary_large_image","twitter_creator":"@wolfshots","twitter_site":"@wolfshots","twitter_misc":{"Skriven av":"Albert Wolf","Ber\u00e4knad l\u00e4stid":"3 minuter"},"schema":{"@context":"https:\/\/schema.org","@graph":[{"@type":"Article","@id":"https:\/\/albertwolf.com\/juergen-teller-inspiration\/#article","isPartOf":{"@id":"https:\/\/albertwolf.com\/juergen-teller-inspiration\/"},"author":{"name":"Albert Wolf","@id":"https:\/\/albertwolf.com\/#\/schema\/person\/df165cf514f791695486a2c93a9349c8"},"headline":"Juergen Teller &#8211; Inspiration","datePublished":"2022-09-08T10:00:52+00:00","dateModified":"2022-09-08T11:36:46+00:00","mainEntityOfPage":{"@id":"https:\/\/albertwolf.com\/juergen-teller-inspiration\/"},"wordCount":294,"publisher":{"@id":"https:\/\/albertwolf.com\/#organization"},"image":{"@id":"https:\/\/albertwolf.com\/juergen-teller-inspiration\/#primaryimage"},"thumbnailUrl":"https:\/\/storage.googleapis.com\/awolfmedia\/2022\/09\/cb3ccb6d-juergen-teller-lily_cole-01.jpeg","articleSection":["articles"],"inLanguage":"sv-SE"},{"@type":"WebPage","@id":"https:\/\/albertwolf.com\/juergen-teller-inspiration\/","url":"https:\/\/albertwolf.com\/juergen-teller-inspiration\/","name":"Juergen Teller - Inspiration","isPartOf":{"@id":"https:\/\/albertwolf.com\/#website"},"primaryImageOfPage":{"@id":"https:\/\/albertwolf.com\/juergen-teller-inspiration\/#primaryimage"},"image":{"@id":"https:\/\/albertwolf.com\/juergen-teller-inspiration\/#primaryimage"},"thumbnailUrl":"https:\/\/storage.googleapis.com\/awolfmedia\/2022\/09\/cb3ccb6d-juergen-teller-lily_cole-01.jpeg","datePublished":"2022-09-08T10:00:52+00:00","dateModified":"2022-09-08T11:36:46+00:00","description":"J\u00fcrgen Teller is an artist and photographer. Born in 1952 in Wesel, Germany, he studied at the Hochschule der Kunste in Berlin from 1978 to 1981.","breadcrumb":{"@id":"https:\/\/albertwolf.com\/juergen-teller-inspiration\/#breadcrumb"},"inLanguage":"sv-SE","potentialAction":[{"@type":"ReadAction","target":["https:\/\/albertwolf.com\/juergen-teller-inspiration\/"]}]},{"@type":"ImageObject","inLanguage":"sv-SE","@id":"https:\/\/albertwolf.com\/juergen-teller-inspiration\/#primaryimage","url":"https:\/\/storage.googleapis.com\/awolfmedia\/2022\/09\/cb3ccb6d-juergen-teller-lily_cole-01.jpeg","contentUrl":"https:\/\/storage.googleapis.com\/awolfmedia\/2022\/09\/cb3ccb6d-juergen-teller-lily_cole-01.jpeg"},{"@type":"BreadcrumbList","@id":"https:\/\/albertwolf.com\/juergen-teller-inspiration\/#breadcrumb","itemListElement":[{"@type":"ListItem","position":1,"name":"Home","item":"https:\/\/albertwolf.com\/"},{"@type":"ListItem","position":2,"name":"Juergen Teller &#8211; Inspiration"}]},{"@type":"WebSite","@id":"https:\/\/albertwolf.com\/#website","url":"https:\/\/albertwolf.com\/","name":"Albert Wolf","description":" Creative Advertising &amp; Fashion Photographer Madrid, Helsinki , Barcelona, Bangkok, Taipei, Jakarta, Seoul, Singapore, Hong Kong, Shanghai, Kuala Lumpur","publisher":{"@id":"https:\/\/albertwolf.com\/#organization"},"potentialAction":[{"@type":"SearchAction","target":{"@type":"EntryPoint","urlTemplate":"https:\/\/albertwolf.com\/?s={search_term_string}"},"query-input":{"@type":"PropertyValueSpecification","valueRequired":true,"valueName":"search_term_string"}}],"inLanguage":"sv-SE"},{"@type":"Organization","@id":"https:\/\/albertwolf.com\/#organization","name":"Albert Wolf","url":"https:\/\/albertwolf.com\/","logo":{"@type":"ImageObject","inLanguage":"sv-SE","@id":"https:\/\/albertwolf.com\/#\/schema\/logo\/image\/","url":"https:\/\/storage.googleapis.com\/awolfmedia\/2014\/04\/LOGO_.jpg","contentUrl":"https:\/\/storage.googleapis.com\/awolfmedia\/2014\/04\/LOGO_.jpg","width":626,"height":577,"caption":"Albert Wolf"},"image":{"@id":"https:\/\/albertwolf.com\/#\/schema\/logo\/image\/"},"sameAs":["https:\/\/www.facebook.com\/wolf.fanpage\/","https:\/\/x.com\/wolfshots","https:\/\/www.instagram.com\/wolf_photo\/","https:\/\/www.linkedin.com\/in\/albert-wolf\/","https:\/\/www.youtube.com\/channel\/UCB-8KyeLYeUna-ShqHNIqUQ"]},{"@type":"Person","@id":"https:\/\/albertwolf.com\/#\/schema\/person\/df165cf514f791695486a2c93a9349c8","name":"Albert Wolf","image":{"@type":"ImageObject","inLanguage":"sv-SE","@id":"https:\/\/secure.gravatar.com\/avatar\/75753614871146aaa6ca4285e9d08e739581ec665d717492a6e721702b6b32f6?s=96&d=mm&r=g","url":"https:\/\/secure.gravatar.com\/avatar\/75753614871146aaa6ca4285e9d08e739581ec665d717492a6e721702b6b32f6?s=96&d=mm&r=g","contentUrl":"https:\/\/secure.gravatar.com\/avatar\/75753614871146aaa6ca4285e9d08e739581ec665d717492a6e721702b6b32f6?s=96&d=mm&r=g","caption":"Albert Wolf"}}]}},"_links":{"self":[{"href":"https:\/\/albertwolf.com\/sv\/wp-json\/wp\/v2\/posts\/1517","targetHints":{"allow":["GET"]}}],"collection":[{"href":"https:\/\/albertwolf.com\/sv\/wp-json\/wp\/v2\/posts"}],"about":[{"href":"https:\/\/albertwolf.com\/sv\/wp-json\/wp\/v2\/types\/post"}],"author":[{"embeddable":true,"href":"https:\/\/albertwolf.com\/sv\/wp-json\/wp\/v2\/users\/88889"}],"replies":[{"embeddable":true,"href":"https:\/\/albertwolf.com\/sv\/wp-json\/wp\/v2\/comments?post=1517"}],"version-history":[{"count":1,"href":"https:\/\/albertwolf.com\/sv\/wp-json\/wp\/v2\/posts\/1517\/revisions"}],"predecessor-version":[{"id":1524,"href":"https:\/\/albertwolf.com\/sv\/wp-json\/wp\/v2\/posts\/1517\/revisions\/1524"}],"wp:attachment":[{"href":"https:\/\/albertwolf.com\/sv\/wp-json\/wp\/v2\/media?parent=1517"}],"wp:term":[{"taxonomy":"category","embeddable":true,"href":"https:\/\/albertwolf.com\/sv\/wp-json\/wp\/v2\/categories?post=1517"},{"taxonomy":"post_tag","embeddable":true,"href":"https:\/\/albertwolf.com\/sv\/wp-json\/wp\/v2\/tags?post=1517"}],"curies":[{"name":"wp","href":"https:\/\/api.w.org\/{rel}","templated":true}]}}